{"id":270,"count":4,"description":"<h2>On ne se conna\u00eet pas encore, mais sachez qu'ici, nous sommes d\u00e9j\u00e0 impatients d'apprendre \u00e0 vous conna\u00eetre\u2026<\/h2>\r\n<h3>On ne va pas vous dire : \u00ab Oubliez tout ce que vous avez appris parce qu'ici les choses sont comme \u00e7a et pas autrement\u2026 \u00bb. Bien au contraire, si vous avez dans l\u2019id\u00e9e de collaborer avec nous,\u00a0 capitalisez sur vos acquis, votre personnalit\u00e9, et m\u00eame vos singularit\u00e9s.<\/h3>\r\n<strong>Chez ALSO.Fashion nous ne cherchons pas de \u00ab Minis-Moi \u00bb ou \u00ab Extensions de nous-m\u00eames \u00bb pour compl\u00e9ter nos forces vives.<\/strong> Qu'il s'agisse de r\u00e9pondre \u00e0 une offre d\u2019emploi (assez rare), une mission en freelance (plus fr\u00e9quente), ou une offre de stage (deux par an maxi), et quelle que soit la mission confi\u00e9e\u2026\r\n\r\n<strong>Le professionnel que l'on recherche c'est vous !\u00a0<\/strong><strong>Cette personne tol\u00e9rante, curieuse et ouverte d'esprit<\/strong>, qui accueille tout ce que la vie a \u00e0 offrir <em>(Sans devoir \u00e0 chaque instant n\u00e9gocier entre \u00ab viande \u00bb ou \u00ab pas viande \u00bb\u2026 on se comprend ?)<\/em>.\u00a0<strong>Une personnalit\u00e9 capable de se mettre \u00e0 la place des autres<\/strong> pour voir les probl\u00e9matiques sous des regards aux objectifs diff\u00e9rents.\r\n\r\n<strong>\u00ab C'est peut-\u00eatre un d\u00e9tail pour vous, mais pour nous \u00e7a veut dire beaucoup\u2026 \u00bb<\/strong> Donc hormis vos comp\u00e9tences professionnelles qui pourront \u00eatre \u00e9valu\u00e9es en profondeur par la suite, c'est a peu pr\u00e8s nos seules exigences en terme de personnalit\u00e9 attendue, donc si vous vous reconnaissez dans ces valeurs\u2026\r\n<h3>Ah oui sinon\u2026 on a une r\u00e8gle a la fois simple mais incontournable chez ALSO.Fashion\u2026<\/h3>\r\n<strong>Rien ne sert de pr\u00e9tendre savoir tout faire tout seul pour hier, juste pour l'\u00e9go ou pour se faire bien voir du patron ! C'est stupide, cela ne sert a rien et pire, c'est contre productif quand on \u00e9volue au sein d'une \u00e9quipe comme la notre.<\/strong> Donc, savoir dire \u00ab j'ai besoin d'aide \u00bb, ou \u00ab je me suis tromp\u00e9 \u00bb, ou encore \u00ab je ne sais pas \u00bb <strong>c'est ESSENTIEL pour avancer tous ensemble et \u00e7a, c\u2019est non n\u00e9gociable... <\/strong>Alors, on se rencontre bient\u00f4t ?","link":"https:\/\/www.alsofashiondesignstudio.com\/en\/offre-demploi-freelance-stage\/","name":"Opportunit\u00e9s de mission freelance, d'offre d'emploi, de stage, et de collaboration","slug":"offre-demploi-freelance-stage","taxonomy":"category","parent":0,"meta":[],"_links":{"self":[{"href":"https:\/\/www.alsofashiondesignstudio.com\/en\/wp-json\/wp\/v2\/categories\/270","targetHints":{"allow":["GET"]}}],"collection":[{"href":"https:\/\/www.alsofashiondesignstudio.com\/en\/wp-json\/wp\/v2\/categories"}],"about":[{"href":"https:\/\/www.alsofashiondesignstudio.com\/en\/wp-json\/wp\/v2\/taxonomies\/category"}],"wp:post_type":[{"href":"https:\/\/www.alsofashiondesignstudio.com\/en\/wp-json\/wp\/v2\/posts?categories=270"}],"curies":[{"name":"wp","href":"https:\/\/api.w.org\/{rel}","templated":true}]}}